{"id":3138,"global_id":"ljubljanapride.org\/en\/?id=3138","global_id_lineage":["ljubljanapride.org\/en\/?id=3138"],"author":"8","status":"publish","date":"2019-11-26 16:10:20","date_utc":"2019-11-26 14:10:20","modified":"2019-11-26 16:35:00","modified_utc":"2019-11-26 14:35:00","url":"https:\/\/ljubljanapride.org\/en\/event\/the-experience-of-being-a-queer-person-with-different-abilities\/","rest_url":"https:\/\/ljubljanapride.org\/en\/wp-json\/tribe\/events\/v1\/events\/3138","title":"The experience of being a queer person with different abilities","description":"<div class=\"gmail_default\">Do we have any idea how is it to be a less privileged person? How society and LGBTQI+ community treats our sisters with different abilities? And how we can be more inclusive when it comes to people with different abilities? Neja Kolbl will be present at Pride office to eagerly give us the answers.<\/div>\n<div class=\"gmail_default\"><\/div>\n<div class=\"gmail_default\">This event is also a follow-up activity about &#8220;Active Solidarity&#8221; project which took place in Greece and organized by\u00a0<a href=\"https:\/\/www.facebook.com\/ActiveDiversity\" target=\"_blank\" rel=\"noopener noreferrer\">Active Rainbow<\/a>\u00a0and\u00a0<a href=\"https:\/\/www.facebook.com\/solidaritymissionorg\" target=\"_blank\" rel=\"noopener noreferrer\">Solidarity Mission<\/a>, funded by Erasmus+.<\/div>\n<p>With \u2018Pride Connects\u2019, we strive to connect the local LGBTIQ+ youth, activists, and all those interested in the political side of Pride(s) and LGBTIQ+ Human Rights Struggles in Slovenia and across the world.<\/p>\n<p>We know that being an openly LGBTIQ+ person and walking down any public space is a political act, and we know it is not easy &#8211; so we want to create a safe(r) space for all LGBTIQ+ people and a place of empowerment.<\/p>","excerpt":"","slug":"the-experience-of-being-a-queer-person-with-different-abilities","image":{"url":"https:\/\/ljubljanapride.org\/wp-content\/uploads\/2019\/11\/PCE-Kvir-oseba-z-razli\u010dnimi-zmo\u017enostmi-scaled.jpg","id":3136,"extension":"jpg","width":2560,"height":1340,"sizes":{"woocommerce_thumbnail":{"width":300,"height":300,"mime-type":"image\/jpeg","uncropped":false,"url":"https:\/\/ljubljanapride.org\/wp-content\/uploads\/2019\/11\/PCE-Kvir-oseba-z-razli\u010dnimi-zmo\u017enostmi-300x300.jpg"},"woocommerce_gallery_thumbnail":{"width":100,"height":100,"mime-type":"image\/jpeg","url":"https:\/\/ljubljanapride.org\/wp-content\/uploads\/2019\/11\/PCE-Kvir-oseba-z-razli\u010dnimi-zmo\u017enostmi-100x100.jpg"},"woocommerce_single":{"width":600,"height":314,"mime-type":"image\/jpeg","url":"https:\/\/ljubljanapride.org\/wp-content\/uploads\/2019\/11\/PCE-Kvir-oseba-z-razli\u010dnimi-zmo\u017enostmi-600x314.jpg"},"medium":{"width":300,"height":157,"mime-type":"image\/jpeg","url":"https:\/\/ljubljanapride.org\/wp-content\/uploads\/2019\/11\/PCE-Kvir-oseba-z-razli\u010dnimi-zmo\u017enostmi-300x157.jpg"},"large":{"width":1024,"height":536,"mime-type":"image\/jpeg","url":"https:\/\/ljubljanapride.org\/wp-content\/uploads\/2019\/11\/PCE-Kvir-oseba-z-razli\u010dnimi-zmo\u017enostmi-1024x536.jpg"},"thumbnail":{"width":150,"height":150,"mime-type":"image\/jpeg","url":"https:\/\/ljubljanapride.org\/wp-content\/uploads\/2019\/11\/PCE-Kvir-oseba-z-razli\u010dnimi-zmo\u017enostmi-150x150.jpg"},"medium_large":{"width":768,"height":402,"mime-type":"image\/jpeg","url":"https:\/\/ljubljanapride.org\/wp-content\/uploads\/2019\/11\/PCE-Kvir-oseba-z-razli\u010dnimi-zmo\u017enostmi-768x402.jpg"},"1536x1536":{"width":1536,"height":804,"mime-type":"image\/jpeg","url":"https:\/\/ljubljanapride.org\/wp-content\/uploads\/2019\/11\/PCE-Kvir-oseba-z-razli\u010dnimi-zmo\u017enostmi-1536x804.jpg"},"2048x2048":{"width":2048,"height":1072,"mime-type":"image\/jpeg","url":"https:\/\/ljubljanapride.org\/wp-content\/uploads\/2019\/11\/PCE-Kvir-oseba-z-razli\u010dnimi-zmo\u017enostmi-2048x1072.jpg"},"shop_catalog":{"width":300,"height":300,"mime-type":"image\/jpeg","uncropped":false,"url":"https:\/\/ljubljanapride.org\/wp-content\/uploads\/2019\/11\/PCE-Kvir-oseba-z-razli\u010dnimi-zmo\u017enostmi-300x300.jpg"},"shop_single":{"width":600,"height":314,"mime-type":"image\/jpeg","url":"https:\/\/ljubljanapride.org\/wp-content\/uploads\/2019\/11\/PCE-Kvir-oseba-z-razli\u010dnimi-zmo\u017enostmi-600x314.jpg"},"shop_thumbnail":{"width":100,"height":100,"mime-type":"image\/jpeg","url":"https:\/\/ljubljanapride.org\/wp-content\/uploads\/2019\/11\/PCE-Kvir-oseba-z-razli\u010dnimi-zmo\u017enostmi-100x100.jpg"}},"original_image":"PCE-Kvir-oseba-z-razli\u010dnimi-zmo\u017enostmi.jpg"},"all_day":false,"start_date":"2019-12-03 19:00:00","start_date_details":{"year":"2019","month":"12","day":"03","hour":"19","minutes":"00","seconds":"00"},"end_date":"2019-12-03 21:00:00","end_date_details":{"year":"2019","month":"12","day":"03","hour":"21","minutes":"00","seconds":"00"},"utc_start_date":"2019-12-03 17:00:00","utc_start_date_details":{"year":"2019","month":"12","day":"03","hour":"17","minutes":"00","seconds":"00"},"utc_end_date":"2019-12-03 19:00:00","utc_end_date_details":{"year":"2019","month":"12","day":"03","hour":"19","minutes":"00","seconds":"00"},"timezone":"UTC+2","timezone_abbr":"UTC+2","cost":"","cost_details":{"currency_symbol":"","currency_code":"","currency_position":"prefix","values":[]},"website":"","show_map":true,"show_map_link":true,"hide_from_listings":false,"sticky":false,"featured":false,"categories":[],"tags":[],"venue":[],"organizer":[],"custom_fields":[],"json_ld":{"@context":"http:\/\/schema.org","@type":"Event","name":"The experience of being a queer person with different abilities","description":"&lt;p&gt;Do we have any idea how is it to be a less privileged person? How society and LGBTQI+ community treats our sisters with different abilities? And how we can be [&hellip;]&lt;\/p&gt;\\n","image":"https:\/\/ljubljanapride.org\/wp-content\/uploads\/2019\/11\/PCE-Kvir-oseba-z-razli\u010dnimi-zmo\u017enostmi-scaled.jpg","url":"https:\/\/ljubljanapride.org\/en\/event\/the-experience-of-being-a-queer-person-with-different-abilities\/","eventAttendanceMode":"https:\/\/schema.org\/OfflineEventAttendanceMode","eventStatus":"https:\/\/schema.org\/EventScheduled","startDate":"2019-12-03T19:00:00+02:00","endDate":"2019-12-03T21:00:00+02:00","performer":"Organization"}}