{"id":1617,"date":"2018-12-28T14:11:03","date_gmt":"2018-12-28T12:11:03","guid":{"rendered":"http:\/\/www.ljubljanapride.org\/?p=1617"},"modified":"2018-12-28T14:11:50","modified_gmt":"2018-12-28T12:11:50","slug":"a-culture-of-humiliation-workshop-carried-out-in-the-asylum-home-in-vic","status":"publish","type":"post","link":"https:\/\/ljubljanapride.org\/en\/a-culture-of-humiliation-workshop-carried-out-in-the-asylum-home-in-vic\/","title":{"rendered":"A Culture of Humiliation Workshop carried out in the Asylum Home in Vi\u010d"},"content":{"rendered":"<p>In the Asylum Home in Vi\u010d we organized a workshop <a href=\"https:\/\/www.facebook.com\/cultureofhumiliation\/\">Culture of Humiliation<\/a>.<\/p>\n<p>We talked to young migrants about peer violence. Young people from Iraq, Eritrea, Syria, Serbia and elsewhere shared their stories with us, and then we looked for ways to respond to violence and discrimination.<\/p>\n","protected":false},"excerpt":{"rendered":"<p>In the Asylum Home in Vi\u010d we organized a workshop Culture of Humiliation. We talked to young migrants about peer violence. Young people from Iraq, Eritrea, Syria, Serbia and elsewhere [&hellip;]<\/p>\n","protected":false},"author":12,"featured_media":1613,"comment_status":"closed","ping_status":"closed","sticky":false,"template":"","format":"standard","meta":{"_et_pb_use_builder":"","_et_pb_old_content":"","_et_gb_content_width":"","footnotes":""},"categories":[20],"tags":[],"class_list":["post-1617","post","type-post","status-publish","format-standard","has-post-thumbnail","hentry","category-news"],"yoast_head":"<!-- This site is optimized with the Yoast SEO plugin v27.2 - https:\/\/yoast.com\/product\/yoast-seo-wordpress\/ -->\n<title>A Culture of Humiliation Workshop carried out in the Asylum Home in Vi\u010d - Dru\u0161tvo Parada Ponosa<\/title>\n<meta name=\"robots\" content=\"index, follow, max-snippet:-1, max-image-preview:large, max-video-preview:-1\" \/>\n<link rel=\"canonical\" href=\"https:\/\/ljubljanapride.org\/en\/a-culture-of-humiliation-workshop-carried-out-in-the-asylum-home-in-vic\/\" \/>\n<meta property=\"og:locale\" content=\"en_US\" \/>\n<meta property=\"og:type\" content=\"article\" \/>\n<meta property=\"og:title\" content=\"A Culture of Humiliation Workshop carried out in the Asylum Home in Vi\u010d - Dru\u0161tvo Parada Ponosa\" \/>\n<meta property=\"og:description\" content=\"In the Asylum Home in Vi\u010d we organized a workshop Culture of Humiliation. We talked to young migrants about peer violence. Young people from Iraq, Eritrea, Syria, Serbia and elsewhere [&hellip;]\" \/>\n<meta property=\"og:url\" content=\"https:\/\/ljubljanapride.org\/en\/a-culture-of-humiliation-workshop-carried-out-in-the-asylum-home-in-vic\/\" \/>\n<meta property=\"og:site_name\" content=\"Dru\u0161tvo Parada Ponosa\" \/>\n<meta property=\"article:publisher\" content=\"https:\/\/www.facebook.com\/LjubljanaPride\" \/>\n<meta property=\"article:published_time\" content=\"2018-12-28T12:11:03+00:00\" \/>\n<meta property=\"article:modified_time\" content=\"2018-12-28T12:11:50+00:00\" \/>\n<meta property=\"og:image\" content=\"https:\/\/ljubljanapride.org\/wp-content\/uploads\/2018\/12\/Azilni-dom.jpg\" \/>\n\t<meta property=\"og:image:width\" content=\"911\" \/>\n\t<meta property=\"og:image:height\" content=\"683\" \/>\n\t<meta property=\"og:image:type\" content=\"image\/jpeg\" \/>\n<meta name=\"author\" content=\"Ljubljana Pride\" \/>\n<meta name=\"twitter:card\" content=\"summary_large_image\" \/>\n<meta name=\"twitter:label1\" content=\"Written by\" \/>\n\t<meta name=\"twitter:data1\" content=\"Ljubljana Pride\" \/>\n<script type=\"application\/ld+json\" class=\"yoast-schema-graph\">{\"@context\":\"https:\/\/schema.org\",\"@graph\":[{\"@type\":\"Article\",\"@id\":\"https:\/\/ljubljanapride.org\/en\/a-culture-of-humiliation-workshop-carried-out-in-the-asylum-home-in-vic\/#article\",\"isPartOf\":{\"@id\":\"https:\/\/ljubljanapride.org\/en\/a-culture-of-humiliation-workshop-carried-out-in-the-asylum-home-in-vic\/\"},\"author\":{\"name\":\"Ljubljana Pride\",\"@id\":\"https:\/\/ljubljanapride.org\/en\/#\/schema\/person\/2250fa2dd06497056f8d99bdc6d2b0eb\"},\"headline\":\"A Culture of Humiliation Workshop carried out in the Asylum Home in Vi\u010d\",\"datePublished\":\"2018-12-28T12:11:03+00:00\",\"dateModified\":\"2018-12-28T12:11:50+00:00\",\"mainEntityOfPage\":{\"@id\":\"https:\/\/ljubljanapride.org\/en\/a-culture-of-humiliation-workshop-carried-out-in-the-asylum-home-in-vic\/\"},\"wordCount\":60,\"image\":{\"@id\":\"https:\/\/ljubljanapride.org\/en\/a-culture-of-humiliation-workshop-carried-out-in-the-asylum-home-in-vic\/#primaryimage\"},\"thumbnailUrl\":\"https:\/\/ljubljanapride.org\/wp-content\/uploads\/2018\/12\/Azilni-dom.jpg\",\"articleSection\":[\"News\"],\"inLanguage\":\"en-US\"},{\"@type\":\"WebPage\",\"@id\":\"https:\/\/ljubljanapride.org\/en\/a-culture-of-humiliation-workshop-carried-out-in-the-asylum-home-in-vic\/\",\"url\":\"https:\/\/ljubljanapride.org\/en\/a-culture-of-humiliation-workshop-carried-out-in-the-asylum-home-in-vic\/\",\"name\":\"A Culture of Humiliation Workshop carried out in the Asylum Home in Vi\u010d - Dru\u0161tvo Parada Ponosa\",\"isPartOf\":{\"@id\":\"https:\/\/ljubljanapride.org\/en\/#website\"},\"primaryImageOfPage\":{\"@id\":\"https:\/\/ljubljanapride.org\/en\/a-culture-of-humiliation-workshop-carried-out-in-the-asylum-home-in-vic\/#primaryimage\"},\"image\":{\"@id\":\"https:\/\/ljubljanapride.org\/en\/a-culture-of-humiliation-workshop-carried-out-in-the-asylum-home-in-vic\/#primaryimage\"},\"thumbnailUrl\":\"https:\/\/ljubljanapride.org\/wp-content\/uploads\/2018\/12\/Azilni-dom.jpg\",\"datePublished\":\"2018-12-28T12:11:03+00:00\",\"dateModified\":\"2018-12-28T12:11:50+00:00\",\"author\":{\"@id\":\"https:\/\/ljubljanapride.org\/en\/#\/schema\/person\/2250fa2dd06497056f8d99bdc6d2b0eb\"},\"breadcrumb\":{\"@id\":\"https:\/\/ljubljanapride.org\/en\/a-culture-of-humiliation-workshop-carried-out-in-the-asylum-home-in-vic\/#breadcrumb\"},\"inLanguage\":\"en-US\",\"potentialAction\":[{\"@type\":\"ReadAction\",\"target\":[\"https:\/\/ljubljanapride.org\/en\/a-culture-of-humiliation-workshop-carried-out-in-the-asylum-home-in-vic\/\"]}]},{\"@type\":\"ImageObject\",\"inLanguage\":\"en-US\",\"@id\":\"https:\/\/ljubljanapride.org\/en\/a-culture-of-humiliation-workshop-carried-out-in-the-asylum-home-in-vic\/#primaryimage\",\"url\":\"https:\/\/ljubljanapride.org\/wp-content\/uploads\/2018\/12\/Azilni-dom.jpg\",\"contentUrl\":\"https:\/\/ljubljanapride.org\/wp-content\/uploads\/2018\/12\/Azilni-dom.jpg\",\"width\":911,\"height\":683},{\"@type\":\"BreadcrumbList\",\"@id\":\"https:\/\/ljubljanapride.org\/en\/a-culture-of-humiliation-workshop-carried-out-in-the-asylum-home-in-vic\/#breadcrumb\",\"itemListElement\":[{\"@type\":\"ListItem\",\"position\":1,\"name\":\"Home\",\"item\":\"https:\/\/ljubljanapride.org\/en\/\"},{\"@type\":\"ListItem\",\"position\":2,\"name\":\"A Culture of Humiliation Workshop carried out in the Asylum Home in Vi\u010d\"}]},{\"@type\":\"WebSite\",\"@id\":\"https:\/\/ljubljanapride.org\/en\/#website\",\"url\":\"https:\/\/ljubljanapride.org\/en\/\",\"name\":\"Dru\u0161tvo Parada Ponosa\",\"description\":\"Ljubljana Pride\",\"potentialAction\":[{\"@type\":\"SearchAction\",\"target\":{\"@type\":\"EntryPoint\",\"urlTemplate\":\"https:\/\/ljubljanapride.org\/en\/?s={search_term_string}\"},\"query-input\":{\"@type\":\"PropertyValueSpecification\",\"valueRequired\":true,\"valueName\":\"search_term_string\"}}],\"inLanguage\":\"en-US\"},{\"@type\":\"Person\",\"@id\":\"https:\/\/ljubljanapride.org\/en\/#\/schema\/person\/2250fa2dd06497056f8d99bdc6d2b0eb\",\"name\":\"Ljubljana Pride\",\"image\":{\"@type\":\"ImageObject\",\"inLanguage\":\"en-US\",\"@id\":\"https:\/\/secure.gravatar.com\/avatar\/1118b57bbcb37936542696a6c737c187d0d172565184168ffc8515b3a01b6460?s=96&d=mm&r=g\",\"url\":\"https:\/\/secure.gravatar.com\/avatar\/1118b57bbcb37936542696a6c737c187d0d172565184168ffc8515b3a01b6460?s=96&d=mm&r=g\",\"contentUrl\":\"https:\/\/secure.gravatar.com\/avatar\/1118b57bbcb37936542696a6c737c187d0d172565184168ffc8515b3a01b6460?s=96&d=mm&r=g\",\"caption\":\"Ljubljana Pride\"},\"url\":\"https:\/\/ljubljanapride.org\/en\/author\/ljubljana-pride\/\"}]}<\/script>\n<!-- \/ Yoast SEO plugin. -->","yoast_head_json":{"title":"A Culture of Humiliation Workshop carried out in the Asylum Home in Vi\u010d - Dru\u0161tvo Parada Ponosa","robots":{"index":"index","follow":"follow","max-snippet":"max-snippet:-1","max-image-preview":"max-image-preview:large","max-video-preview":"max-video-preview:-1"},"canonical":"https:\/\/ljubljanapride.org\/en\/a-culture-of-humiliation-workshop-carried-out-in-the-asylum-home-in-vic\/","og_locale":"en_US","og_type":"article","og_title":"A Culture of Humiliation Workshop carried out in the Asylum Home in Vi\u010d - Dru\u0161tvo Parada Ponosa","og_description":"In the Asylum Home in Vi\u010d we organized a workshop Culture of Humiliation. We talked to young migrants about peer violence. Young people from Iraq, Eritrea, Syria, Serbia and elsewhere [&hellip;]","og_url":"https:\/\/ljubljanapride.org\/en\/a-culture-of-humiliation-workshop-carried-out-in-the-asylum-home-in-vic\/","og_site_name":"Dru\u0161tvo Parada Ponosa","article_publisher":"https:\/\/www.facebook.com\/LjubljanaPride","article_published_time":"2018-12-28T12:11:03+00:00","article_modified_time":"2018-12-28T12:11:50+00:00","og_image":[{"width":911,"height":683,"url":"https:\/\/ljubljanapride.org\/wp-content\/uploads\/2018\/12\/Azilni-dom.jpg","type":"image\/jpeg"}],"author":"Ljubljana Pride","twitter_card":"summary_large_image","twitter_misc":{"Written by":"Ljubljana Pride"},"schema":{"@context":"https:\/\/schema.org","@graph":[{"@type":"Article","@id":"https:\/\/ljubljanapride.org\/en\/a-culture-of-humiliation-workshop-carried-out-in-the-asylum-home-in-vic\/#article","isPartOf":{"@id":"https:\/\/ljubljanapride.org\/en\/a-culture-of-humiliation-workshop-carried-out-in-the-asylum-home-in-vic\/"},"author":{"name":"Ljubljana Pride","@id":"https:\/\/ljubljanapride.org\/en\/#\/schema\/person\/2250fa2dd06497056f8d99bdc6d2b0eb"},"headline":"A Culture of Humiliation Workshop carried out in the Asylum Home in Vi\u010d","datePublished":"2018-12-28T12:11:03+00:00","dateModified":"2018-12-28T12:11:50+00:00","mainEntityOfPage":{"@id":"https:\/\/ljubljanapride.org\/en\/a-culture-of-humiliation-workshop-carried-out-in-the-asylum-home-in-vic\/"},"wordCount":60,"image":{"@id":"https:\/\/ljubljanapride.org\/en\/a-culture-of-humiliation-workshop-carried-out-in-the-asylum-home-in-vic\/#primaryimage"},"thumbnailUrl":"https:\/\/ljubljanapride.org\/wp-content\/uploads\/2018\/12\/Azilni-dom.jpg","articleSection":["News"],"inLanguage":"en-US"},{"@type":"WebPage","@id":"https:\/\/ljubljanapride.org\/en\/a-culture-of-humiliation-workshop-carried-out-in-the-asylum-home-in-vic\/","url":"https:\/\/ljubljanapride.org\/en\/a-culture-of-humiliation-workshop-carried-out-in-the-asylum-home-in-vic\/","name":"A Culture of Humiliation Workshop carried out in the Asylum Home in Vi\u010d - Dru\u0161tvo Parada Ponosa","isPartOf":{"@id":"https:\/\/ljubljanapride.org\/en\/#website"},"primaryImageOfPage":{"@id":"https:\/\/ljubljanapride.org\/en\/a-culture-of-humiliation-workshop-carried-out-in-the-asylum-home-in-vic\/#primaryimage"},"image":{"@id":"https:\/\/ljubljanapride.org\/en\/a-culture-of-humiliation-workshop-carried-out-in-the-asylum-home-in-vic\/#primaryimage"},"thumbnailUrl":"https:\/\/ljubljanapride.org\/wp-content\/uploads\/2018\/12\/Azilni-dom.jpg","datePublished":"2018-12-28T12:11:03+00:00","dateModified":"2018-12-28T12:11:50+00:00","author":{"@id":"https:\/\/ljubljanapride.org\/en\/#\/schema\/person\/2250fa2dd06497056f8d99bdc6d2b0eb"},"breadcrumb":{"@id":"https:\/\/ljubljanapride.org\/en\/a-culture-of-humiliation-workshop-carried-out-in-the-asylum-home-in-vic\/#breadcrumb"},"inLanguage":"en-US","potentialAction":[{"@type":"ReadAction","target":["https:\/\/ljubljanapride.org\/en\/a-culture-of-humiliation-workshop-carried-out-in-the-asylum-home-in-vic\/"]}]},{"@type":"ImageObject","inLanguage":"en-US","@id":"https:\/\/ljubljanapride.org\/en\/a-culture-of-humiliation-workshop-carried-out-in-the-asylum-home-in-vic\/#primaryimage","url":"https:\/\/ljubljanapride.org\/wp-content\/uploads\/2018\/12\/Azilni-dom.jpg","contentUrl":"https:\/\/ljubljanapride.org\/wp-content\/uploads\/2018\/12\/Azilni-dom.jpg","width":911,"height":683},{"@type":"BreadcrumbList","@id":"https:\/\/ljubljanapride.org\/en\/a-culture-of-humiliation-workshop-carried-out-in-the-asylum-home-in-vic\/#breadcrumb","itemListElement":[{"@type":"ListItem","position":1,"name":"Home","item":"https:\/\/ljubljanapride.org\/en\/"},{"@type":"ListItem","position":2,"name":"A Culture of Humiliation Workshop carried out in the Asylum Home in Vi\u010d"}]},{"@type":"WebSite","@id":"https:\/\/ljubljanapride.org\/en\/#website","url":"https:\/\/ljubljanapride.org\/en\/","name":"Dru\u0161tvo Parada Ponosa","description":"Ljubljana Pride","potentialAction":[{"@type":"SearchAction","target":{"@type":"EntryPoint","urlTemplate":"https:\/\/ljubljanapride.org\/en\/?s={search_term_string}"},"query-input":{"@type":"PropertyValueSpecification","valueRequired":true,"valueName":"search_term_string"}}],"inLanguage":"en-US"},{"@type":"Person","@id":"https:\/\/ljubljanapride.org\/en\/#\/schema\/person\/2250fa2dd06497056f8d99bdc6d2b0eb","name":"Ljubljana Pride","image":{"@type":"ImageObject","inLanguage":"en-US","@id":"https:\/\/secure.gravatar.com\/avatar\/1118b57bbcb37936542696a6c737c187d0d172565184168ffc8515b3a01b6460?s=96&d=mm&r=g","url":"https:\/\/secure.gravatar.com\/avatar\/1118b57bbcb37936542696a6c737c187d0d172565184168ffc8515b3a01b6460?s=96&d=mm&r=g","contentUrl":"https:\/\/secure.gravatar.com\/avatar\/1118b57bbcb37936542696a6c737c187d0d172565184168ffc8515b3a01b6460?s=96&d=mm&r=g","caption":"Ljubljana Pride"},"url":"https:\/\/ljubljanapride.org\/en\/author\/ljubljana-pride\/"}]}},"_links":{"self":[{"href":"https:\/\/ljubljanapride.org\/en\/wp-json\/wp\/v2\/posts\/1617","targetHints":{"allow":["GET"]}}],"collection":[{"href":"https:\/\/ljubljanapride.org\/en\/wp-json\/wp\/v2\/posts"}],"about":[{"href":"https:\/\/ljubljanapride.org\/en\/wp-json\/wp\/v2\/types\/post"}],"author":[{"embeddable":true,"href":"https:\/\/ljubljanapride.org\/en\/wp-json\/wp\/v2\/users\/12"}],"replies":[{"embeddable":true,"href":"https:\/\/ljubljanapride.org\/en\/wp-json\/wp\/v2\/comments?post=1617"}],"version-history":[{"count":0,"href":"https:\/\/ljubljanapride.org\/en\/wp-json\/wp\/v2\/posts\/1617\/revisions"}],"wp:featuredmedia":[{"embeddable":true,"href":"https:\/\/ljubljanapride.org\/en\/wp-json\/wp\/v2\/media\/1613"}],"wp:attachment":[{"href":"https:\/\/ljubljanapride.org\/en\/wp-json\/wp\/v2\/media?parent=1617"}],"wp:term":[{"taxonomy":"category","embeddable":true,"href":"https:\/\/ljubljanapride.org\/en\/wp-json\/wp\/v2\/categories?post=1617"},{"taxonomy":"post_tag","embeddable":true,"href":"https:\/\/ljubljanapride.org\/en\/wp-json\/wp\/v2\/tags?post=1617"}],"curies":[{"name":"wp","href":"https:\/\/api.w.org\/{rel}","templated":true}]}}