{"id":1620,"date":"2018-12-28T14:57:57","date_gmt":"2018-12-28T12:57:57","guid":{"rendered":"http:\/\/www.ljubljanapride.org\/?p=1620"},"modified":"2018-12-28T15:04:20","modified_gmt":"2018-12-28T13:04:20","slug":"here-we-are-lgbtiq-zgodbe-kultura-in-zivljenje","status":"publish","type":"post","link":"https:\/\/ljubljanapride.org\/en\/here-we-are-lgbtiq-zgodbe-kultura-in-zivljenje\/","title":{"rendered":"HERE WE ARE! LGBTQ+ Histories, Culture and Lives"},"content":{"rendered":"<p id=\"m_-8012122637648601748docs-internal-guid-3bdb820c-7fff-342e-e118-a351a31b2fec\" dir=\"ltr\">The <a href=\"https:\/\/www.facebook.com\/events\/707532979603884\/\">\u201cHERE WE ARE! LGBTQ+ Histories, Culture and Lives\u201d<\/a> Festival took place in Maribor from the 7.-9. November 2018. Organized by the three EVS Volunteers of Pekarna Mre\u017ee the festival consisted of several events held in the evening of each day. The first night was a rainbow travelogue in which the presenters talked about the topic what it means to be an LGBT+ traveller, challenging travellers a stereotypical view of a country and offer a more in-depth political and critical view. In the second evening the short animation \u2018Abeo\u2019 and the movie \u2018God\u2019s own country\u2019 were shown, being followed by a discussion round about the topics the movies portrayed. \u2018Abeo, which was awarded a special mention in Stop Trik\u2019s Borderlands Competition, tells the hard-hitting story of two immigrants crossing the border from Mexico to the USA. Set on an isolated farm in Yorkshire, Gods Own Country tells the gritty love story of Johnny, a young struggling sheep farmer, and Gheorghe, a Romanian immigrant.\u2019 The closure of the festival consisted of a roundtable discussion between Mitja Bla\u017ei\u010d from Legebitra, Tanja Veber from Maribor skozi ro\u017enata o\u010dala, Linn Julian Koletnik from TransAkcija, and Nata\u0161a Suki\u010d from \u0160KUC LL talking about the LGBT+ rights situation and the struggle for them in Slovenia, being followed by a discussion with the audience. After that, there happened several performances from poetry to singing by local LGB artists. Each event was well visited by several people from the region and abroad.<\/p>\n<div><\/div>\n","protected":false},"excerpt":{"rendered":"<p>The \u201cHERE WE ARE! LGBTQ+ Histories, Culture and Lives\u201d Festival took place in Maribor from the 7.-9. November 2018. Organized by the three EVS Volunteers of Pekarna Mre\u017ee the festival [&hellip;]<\/p>\n","protected":false},"author":12,"featured_media":1621,"comment_status":"closed","ping_status":"closed","sticky":false,"template":"","format":"standard","meta":{"_et_pb_use_builder":"","_et_pb_old_content":"","_et_gb_content_width":"","footnotes":""},"categories":[13,1],"tags":[],"class_list":["post-1620","post","type-post","status-publish","format-standard","has-post-thumbnail","hentry","category-novice","category-uncategorized-sl"],"yoast_head":"<!-- This site is optimized with the Yoast SEO plugin v27.2 - https:\/\/yoast.com\/product\/yoast-seo-wordpress\/ -->\n<title>HERE WE ARE! LGBTQ+ Histories, Culture and Lives - Dru\u0161tvo Parada Ponosa<\/title>\n<meta name=\"robots\" content=\"index, follow, max-snippet:-1, max-image-preview:large, max-video-preview:-1\" \/>\n<link rel=\"canonical\" href=\"https:\/\/ljubljanapride.org\/en\/here-we-are-lgbtiq-zgodbe-kultura-in-zivljenje\/\" \/>\n<meta property=\"og:locale\" content=\"en_US\" \/>\n<meta property=\"og:type\" content=\"article\" \/>\n<meta property=\"og:title\" content=\"HERE WE ARE! LGBTQ+ Histories, Culture and Lives - Dru\u0161tvo Parada Ponosa\" \/>\n<meta property=\"og:description\" content=\"The \u201cHERE WE ARE! LGBTQ+ Histories, Culture and Lives\u201d Festival took place in Maribor from the 7.-9. November 2018. Organized by the three EVS Volunteers of Pekarna Mre\u017ee the festival [&hellip;]\" \/>\n<meta property=\"og:url\" content=\"https:\/\/ljubljanapride.org\/en\/here-we-are-lgbtiq-zgodbe-kultura-in-zivljenje\/\" \/>\n<meta property=\"og:site_name\" content=\"Dru\u0161tvo Parada Ponosa\" \/>\n<meta property=\"article:publisher\" content=\"https:\/\/www.facebook.com\/LjubljanaPride\" \/>\n<meta property=\"article:published_time\" content=\"2018-12-28T12:57:57+00:00\" \/>\n<meta property=\"article:modified_time\" content=\"2018-12-28T13:04:20+00:00\" \/>\n<meta property=\"og:image\" content=\"https:\/\/ljubljanapride.org\/wp-content\/uploads\/2018\/12\/IMG_0377-scaled.jpg\" \/>\n\t<meta property=\"og:image:width\" content=\"2560\" \/>\n\t<meta property=\"og:image:height\" content=\"1920\" \/>\n\t<meta property=\"og:image:type\" content=\"image\/jpeg\" \/>\n<meta name=\"author\" content=\"Ljubljana Pride\" \/>\n<meta name=\"twitter:card\" content=\"summary_large_image\" \/>\n<meta name=\"twitter:label1\" content=\"Written by\" \/>\n\t<meta name=\"twitter:data1\" content=\"Ljubljana Pride\" \/>\n\t<meta name=\"twitter:label2\" content=\"Est. reading time\" \/>\n\t<meta name=\"twitter:data2\" content=\"1 minute\" \/>\n<script type=\"application\/ld+json\" class=\"yoast-schema-graph\">{\"@context\":\"https:\/\/schema.org\",\"@graph\":[{\"@type\":\"Article\",\"@id\":\"https:\/\/ljubljanapride.org\/en\/here-we-are-lgbtiq-zgodbe-kultura-in-zivljenje\/#article\",\"isPartOf\":{\"@id\":\"https:\/\/ljubljanapride.org\/en\/here-we-are-lgbtiq-zgodbe-kultura-in-zivljenje\/\"},\"author\":{\"name\":\"Ljubljana Pride\",\"@id\":\"https:\/\/ljubljanapride.org\/en\/#\/schema\/person\/2250fa2dd06497056f8d99bdc6d2b0eb\"},\"headline\":\"HERE WE ARE! LGBTQ+ Histories, Culture and Lives\",\"datePublished\":\"2018-12-28T12:57:57+00:00\",\"dateModified\":\"2018-12-28T13:04:20+00:00\",\"mainEntityOfPage\":{\"@id\":\"https:\/\/ljubljanapride.org\/en\/here-we-are-lgbtiq-zgodbe-kultura-in-zivljenje\/\"},\"wordCount\":258,\"image\":{\"@id\":\"https:\/\/ljubljanapride.org\/en\/here-we-are-lgbtiq-zgodbe-kultura-in-zivljenje\/#primaryimage\"},\"thumbnailUrl\":\"https:\/\/ljubljanapride.org\/wp-content\/uploads\/2018\/12\/IMG_0377-scaled.jpg\",\"articleSection\":[\"Novice\",\"Uncategorized @sl\"],\"inLanguage\":\"en-US\"},{\"@type\":\"WebPage\",\"@id\":\"https:\/\/ljubljanapride.org\/en\/here-we-are-lgbtiq-zgodbe-kultura-in-zivljenje\/\",\"url\":\"https:\/\/ljubljanapride.org\/en\/here-we-are-lgbtiq-zgodbe-kultura-in-zivljenje\/\",\"name\":\"HERE WE ARE! LGBTQ+ Histories, Culture and Lives - Dru\u0161tvo Parada Ponosa\",\"isPartOf\":{\"@id\":\"https:\/\/ljubljanapride.org\/en\/#website\"},\"primaryImageOfPage\":{\"@id\":\"https:\/\/ljubljanapride.org\/en\/here-we-are-lgbtiq-zgodbe-kultura-in-zivljenje\/#primaryimage\"},\"image\":{\"@id\":\"https:\/\/ljubljanapride.org\/en\/here-we-are-lgbtiq-zgodbe-kultura-in-zivljenje\/#primaryimage\"},\"thumbnailUrl\":\"https:\/\/ljubljanapride.org\/wp-content\/uploads\/2018\/12\/IMG_0377-scaled.jpg\",\"datePublished\":\"2018-12-28T12:57:57+00:00\",\"dateModified\":\"2018-12-28T13:04:20+00:00\",\"author\":{\"@id\":\"https:\/\/ljubljanapride.org\/en\/#\/schema\/person\/2250fa2dd06497056f8d99bdc6d2b0eb\"},\"breadcrumb\":{\"@id\":\"https:\/\/ljubljanapride.org\/en\/here-we-are-lgbtiq-zgodbe-kultura-in-zivljenje\/#breadcrumb\"},\"inLanguage\":\"en-US\",\"potentialAction\":[{\"@type\":\"ReadAction\",\"target\":[\"https:\/\/ljubljanapride.org\/en\/here-we-are-lgbtiq-zgodbe-kultura-in-zivljenje\/\"]}]},{\"@type\":\"ImageObject\",\"inLanguage\":\"en-US\",\"@id\":\"https:\/\/ljubljanapride.org\/en\/here-we-are-lgbtiq-zgodbe-kultura-in-zivljenje\/#primaryimage\",\"url\":\"https:\/\/ljubljanapride.org\/wp-content\/uploads\/2018\/12\/IMG_0377-scaled.jpg\",\"contentUrl\":\"https:\/\/ljubljanapride.org\/wp-content\/uploads\/2018\/12\/IMG_0377-scaled.jpg\",\"width\":2560,\"height\":1920},{\"@type\":\"BreadcrumbList\",\"@id\":\"https:\/\/ljubljanapride.org\/en\/here-we-are-lgbtiq-zgodbe-kultura-in-zivljenje\/#breadcrumb\",\"itemListElement\":[{\"@type\":\"ListItem\",\"position\":1,\"name\":\"Home\",\"item\":\"https:\/\/ljubljanapride.org\/en\/\"},{\"@type\":\"ListItem\",\"position\":2,\"name\":\"HERE WE ARE! LGBTQ+ Histories, Culture and Lives\"}]},{\"@type\":\"WebSite\",\"@id\":\"https:\/\/ljubljanapride.org\/en\/#website\",\"url\":\"https:\/\/ljubljanapride.org\/en\/\",\"name\":\"Dru\u0161tvo Parada Ponosa\",\"description\":\"Ljubljana Pride\",\"potentialAction\":[{\"@type\":\"SearchAction\",\"target\":{\"@type\":\"EntryPoint\",\"urlTemplate\":\"https:\/\/ljubljanapride.org\/en\/?s={search_term_string}\"},\"query-input\":{\"@type\":\"PropertyValueSpecification\",\"valueRequired\":true,\"valueName\":\"search_term_string\"}}],\"inLanguage\":\"en-US\"},{\"@type\":\"Person\",\"@id\":\"https:\/\/ljubljanapride.org\/en\/#\/schema\/person\/2250fa2dd06497056f8d99bdc6d2b0eb\",\"name\":\"Ljubljana Pride\",\"image\":{\"@type\":\"ImageObject\",\"inLanguage\":\"en-US\",\"@id\":\"https:\/\/secure.gravatar.com\/avatar\/1118b57bbcb37936542696a6c737c187d0d172565184168ffc8515b3a01b6460?s=96&d=mm&r=g\",\"url\":\"https:\/\/secure.gravatar.com\/avatar\/1118b57bbcb37936542696a6c737c187d0d172565184168ffc8515b3a01b6460?s=96&d=mm&r=g\",\"contentUrl\":\"https:\/\/secure.gravatar.com\/avatar\/1118b57bbcb37936542696a6c737c187d0d172565184168ffc8515b3a01b6460?s=96&d=mm&r=g\",\"caption\":\"Ljubljana Pride\"},\"url\":\"https:\/\/ljubljanapride.org\/en\/author\/ljubljana-pride\/\"}]}<\/script>\n<!-- \/ Yoast SEO plugin. -->","yoast_head_json":{"title":"HERE WE ARE! LGBTQ+ Histories, Culture and Lives - Dru\u0161tvo Parada Ponosa","robots":{"index":"index","follow":"follow","max-snippet":"max-snippet:-1","max-image-preview":"max-image-preview:large","max-video-preview":"max-video-preview:-1"},"canonical":"https:\/\/ljubljanapride.org\/en\/here-we-are-lgbtiq-zgodbe-kultura-in-zivljenje\/","og_locale":"en_US","og_type":"article","og_title":"HERE WE ARE! LGBTQ+ Histories, Culture and Lives - Dru\u0161tvo Parada Ponosa","og_description":"The \u201cHERE WE ARE! LGBTQ+ Histories, Culture and Lives\u201d Festival took place in Maribor from the 7.-9. November 2018. Organized by the three EVS Volunteers of Pekarna Mre\u017ee the festival [&hellip;]","og_url":"https:\/\/ljubljanapride.org\/en\/here-we-are-lgbtiq-zgodbe-kultura-in-zivljenje\/","og_site_name":"Dru\u0161tvo Parada Ponosa","article_publisher":"https:\/\/www.facebook.com\/LjubljanaPride","article_published_time":"2018-12-28T12:57:57+00:00","article_modified_time":"2018-12-28T13:04:20+00:00","og_image":[{"width":2560,"height":1920,"url":"https:\/\/ljubljanapride.org\/wp-content\/uploads\/2018\/12\/IMG_0377-scaled.jpg","type":"image\/jpeg"}],"author":"Ljubljana Pride","twitter_card":"summary_large_image","twitter_misc":{"Written by":"Ljubljana Pride","Est. reading time":"1 minute"},"schema":{"@context":"https:\/\/schema.org","@graph":[{"@type":"Article","@id":"https:\/\/ljubljanapride.org\/en\/here-we-are-lgbtiq-zgodbe-kultura-in-zivljenje\/#article","isPartOf":{"@id":"https:\/\/ljubljanapride.org\/en\/here-we-are-lgbtiq-zgodbe-kultura-in-zivljenje\/"},"author":{"name":"Ljubljana Pride","@id":"https:\/\/ljubljanapride.org\/en\/#\/schema\/person\/2250fa2dd06497056f8d99bdc6d2b0eb"},"headline":"HERE WE ARE! LGBTQ+ Histories, Culture and Lives","datePublished":"2018-12-28T12:57:57+00:00","dateModified":"2018-12-28T13:04:20+00:00","mainEntityOfPage":{"@id":"https:\/\/ljubljanapride.org\/en\/here-we-are-lgbtiq-zgodbe-kultura-in-zivljenje\/"},"wordCount":258,"image":{"@id":"https:\/\/ljubljanapride.org\/en\/here-we-are-lgbtiq-zgodbe-kultura-in-zivljenje\/#primaryimage"},"thumbnailUrl":"https:\/\/ljubljanapride.org\/wp-content\/uploads\/2018\/12\/IMG_0377-scaled.jpg","articleSection":["Novice","Uncategorized @sl"],"inLanguage":"en-US"},{"@type":"WebPage","@id":"https:\/\/ljubljanapride.org\/en\/here-we-are-lgbtiq-zgodbe-kultura-in-zivljenje\/","url":"https:\/\/ljubljanapride.org\/en\/here-we-are-lgbtiq-zgodbe-kultura-in-zivljenje\/","name":"HERE WE ARE! LGBTQ+ Histories, Culture and Lives - Dru\u0161tvo Parada Ponosa","isPartOf":{"@id":"https:\/\/ljubljanapride.org\/en\/#website"},"primaryImageOfPage":{"@id":"https:\/\/ljubljanapride.org\/en\/here-we-are-lgbtiq-zgodbe-kultura-in-zivljenje\/#primaryimage"},"image":{"@id":"https:\/\/ljubljanapride.org\/en\/here-we-are-lgbtiq-zgodbe-kultura-in-zivljenje\/#primaryimage"},"thumbnailUrl":"https:\/\/ljubljanapride.org\/wp-content\/uploads\/2018\/12\/IMG_0377-scaled.jpg","datePublished":"2018-12-28T12:57:57+00:00","dateModified":"2018-12-28T13:04:20+00:00","author":{"@id":"https:\/\/ljubljanapride.org\/en\/#\/schema\/person\/2250fa2dd06497056f8d99bdc6d2b0eb"},"breadcrumb":{"@id":"https:\/\/ljubljanapride.org\/en\/here-we-are-lgbtiq-zgodbe-kultura-in-zivljenje\/#breadcrumb"},"inLanguage":"en-US","potentialAction":[{"@type":"ReadAction","target":["https:\/\/ljubljanapride.org\/en\/here-we-are-lgbtiq-zgodbe-kultura-in-zivljenje\/"]}]},{"@type":"ImageObject","inLanguage":"en-US","@id":"https:\/\/ljubljanapride.org\/en\/here-we-are-lgbtiq-zgodbe-kultura-in-zivljenje\/#primaryimage","url":"https:\/\/ljubljanapride.org\/wp-content\/uploads\/2018\/12\/IMG_0377-scaled.jpg","contentUrl":"https:\/\/ljubljanapride.org\/wp-content\/uploads\/2018\/12\/IMG_0377-scaled.jpg","width":2560,"height":1920},{"@type":"BreadcrumbList","@id":"https:\/\/ljubljanapride.org\/en\/here-we-are-lgbtiq-zgodbe-kultura-in-zivljenje\/#breadcrumb","itemListElement":[{"@type":"ListItem","position":1,"name":"Home","item":"https:\/\/ljubljanapride.org\/en\/"},{"@type":"ListItem","position":2,"name":"HERE WE ARE! LGBTQ+ Histories, Culture and Lives"}]},{"@type":"WebSite","@id":"https:\/\/ljubljanapride.org\/en\/#website","url":"https:\/\/ljubljanapride.org\/en\/","name":"Dru\u0161tvo Parada Ponosa","description":"Ljubljana Pride","potentialAction":[{"@type":"SearchAction","target":{"@type":"EntryPoint","urlTemplate":"https:\/\/ljubljanapride.org\/en\/?s={search_term_string}"},"query-input":{"@type":"PropertyValueSpecification","valueRequired":true,"valueName":"search_term_string"}}],"inLanguage":"en-US"},{"@type":"Person","@id":"https:\/\/ljubljanapride.org\/en\/#\/schema\/person\/2250fa2dd06497056f8d99bdc6d2b0eb","name":"Ljubljana Pride","image":{"@type":"ImageObject","inLanguage":"en-US","@id":"https:\/\/secure.gravatar.com\/avatar\/1118b57bbcb37936542696a6c737c187d0d172565184168ffc8515b3a01b6460?s=96&d=mm&r=g","url":"https:\/\/secure.gravatar.com\/avatar\/1118b57bbcb37936542696a6c737c187d0d172565184168ffc8515b3a01b6460?s=96&d=mm&r=g","contentUrl":"https:\/\/secure.gravatar.com\/avatar\/1118b57bbcb37936542696a6c737c187d0d172565184168ffc8515b3a01b6460?s=96&d=mm&r=g","caption":"Ljubljana Pride"},"url":"https:\/\/ljubljanapride.org\/en\/author\/ljubljana-pride\/"}]}},"_links":{"self":[{"href":"https:\/\/ljubljanapride.org\/en\/wp-json\/wp\/v2\/posts\/1620","targetHints":{"allow":["GET"]}}],"collection":[{"href":"https:\/\/ljubljanapride.org\/en\/wp-json\/wp\/v2\/posts"}],"about":[{"href":"https:\/\/ljubljanapride.org\/en\/wp-json\/wp\/v2\/types\/post"}],"author":[{"embeddable":true,"href":"https:\/\/ljubljanapride.org\/en\/wp-json\/wp\/v2\/users\/12"}],"replies":[{"embeddable":true,"href":"https:\/\/ljubljanapride.org\/en\/wp-json\/wp\/v2\/comments?post=1620"}],"version-history":[{"count":0,"href":"https:\/\/ljubljanapride.org\/en\/wp-json\/wp\/v2\/posts\/1620\/revisions"}],"wp:featuredmedia":[{"embeddable":true,"href":"https:\/\/ljubljanapride.org\/en\/wp-json\/wp\/v2\/media\/1621"}],"wp:attachment":[{"href":"https:\/\/ljubljanapride.org\/en\/wp-json\/wp\/v2\/media?parent=1620"}],"wp:term":[{"taxonomy":"category","embeddable":true,"href":"https:\/\/ljubljanapride.org\/en\/wp-json\/wp\/v2\/categories?post=1620"},{"taxonomy":"post_tag","embeddable":true,"href":"https:\/\/ljubljanapride.org\/en\/wp-json\/wp\/v2\/tags?post=1620"}],"curies":[{"name":"wp","href":"https:\/\/api.w.org\/{rel}","templated":true}]}}