{"id":2922,"date":"2019-04-23T11:47:59","date_gmt":"2019-04-23T09:47:59","guid":{"rendered":"http:\/\/www.ljubljanapride.org\/uncategorized\/poziv-za-prostovoljke_ce-na-festivalu-parada-ponosa-2019\/"},"modified":"2019-04-23T11:47:59","modified_gmt":"2019-04-23T09:47:59","slug":"poziv-za-prostovoljke_ce-na-festivalu-parada-ponosa-2019","status":"publish","type":"post","link":"https:\/\/ljubljanapride.org\/en\/poziv-za-prostovoljke_ce-na-festivalu-parada-ponosa-2019\/","title":{"rendered":"Poziv za prostovoljke_ce na festivalu &#8220;Parada ponosa 2019&#8221;"},"content":{"rendered":"\n<p><strong>Dru\u0161tvo&nbsp;<a href=\"http:\/\/www.ljubljanapride.org\/en\/\" target=\"_blank\" rel=\"noreferrer noopener\">Parada Ponosa<\/a>&nbsp;vabi k sodelovanju na &#8220;<a href=\"https:\/\/www.facebook.com\/events\/304352536923521\/\">Festivalu Parada ponosa 2019<\/a>&#8220;.<\/strong><\/p>\n\n\n\n<p>\u010ce te zanima, se jim pridru\u017ei na prvem\u00a0<strong>sestanku prostovoljk_cev<\/strong>\u00a0za ta dogodek v\u00a0<strong>petek 26. 4., ob 18.00 v pisarni Dru\u0161tva<\/strong>\u00a0<strong>Parada ponosa, na Dunajski 10 v Ljubljani<\/strong>, kjer bo predstavljena tema in program leto\u0161njega festivala.<\/p>\n\n\n\n<p>Na koordinacijskem sestanku bodo predstavile_i prostovoljsko shemo in koordinatorke_je posameznih skupin. Predstavile_i bodo tudi mo\u017enosti opravljanja prostovoljnega dela v sklopu Evropske solidarnostne enote, ki ga z leto\u0161njim letom lahko opravljajo tudi prostovoljke_ci Slovenije.<\/p>\n\n\n\n<p>Prijavi se\u00a0<a rel=\"noreferrer noopener\" href=\"https:\/\/docs.google.com\/forms\/d\/e\/1FAIpQLSfS_BvGApR5Mj4BwbGf57_P8OLZaQQR-SEjxC4fGoG7OA4iYA\/viewform\" target=\"_blank\">tukaj<\/a>.<\/p>\n\n\n\n<p>Objavljeno na: <strong><a href=\"https:\/\/www.mlad.si\/blog\/poziv-za-prostovoljce-na-festivalu-parada-ponosa-2019\/\">Mlad.si<\/a><\/strong><\/p>\n","protected":false},"excerpt":{"rendered":"<p>Dru\u0161tvo&nbsp;Parada Ponosa&nbsp;vabi k sodelovanju na &#8220;Festivalu Parada ponosa 2019&#8220;. \u010ce te zanima, se jim pridru\u017ei na prvem\u00a0sestanku prostovoljk_cev\u00a0za ta dogodek v\u00a0petek 26. 4., ob 18.00 v pisarni Dru\u0161tva\u00a0Parada ponosa, na [&hellip;]<\/p>\n","protected":false},"author":8,"featured_media":2920,"comment_status":"closed","ping_status":"closed","sticky":false,"template":"","format":"standard","meta":{"_et_pb_use_builder":"","_et_pb_old_content":"","_et_gb_content_width":"","footnotes":""},"categories":[17],"tags":[],"class_list":["post-2922","post","type-post","status-publish","format-standard","has-post-thumbnail","hentry","category-uncategorized"],"yoast_head":"<!-- This site is optimized with the Yoast SEO plugin v27.2 - https:\/\/yoast.com\/product\/yoast-seo-wordpress\/ -->\n<title>Poziv za prostovoljke_ce na festivalu &quot;Parada ponosa 2019&quot; - Dru\u0161tvo Parada Ponosa<\/title>\n<meta name=\"robots\" content=\"index, follow, max-snippet:-1, max-image-preview:large, max-video-preview:-1\" \/>\n<link rel=\"canonical\" href=\"https:\/\/ljubljanapride.org\/en\/poziv-za-prostovoljke_ce-na-festivalu-parada-ponosa-2019\/\" \/>\n<meta property=\"og:locale\" content=\"en_US\" \/>\n<meta property=\"og:type\" content=\"article\" \/>\n<meta property=\"og:title\" content=\"Poziv za prostovoljke_ce na festivalu &quot;Parada ponosa 2019&quot; - Dru\u0161tvo Parada Ponosa\" \/>\n<meta property=\"og:description\" content=\"Dru\u0161tvo&nbsp;Parada Ponosa&nbsp;vabi k sodelovanju na &#8220;Festivalu Parada ponosa 2019&#8220;. \u010ce te zanima, se jim pridru\u017ei na prvem\u00a0sestanku prostovoljk_cev\u00a0za ta dogodek v\u00a0petek 26. 4., ob 18.00 v pisarni Dru\u0161tva\u00a0Parada ponosa, na [&hellip;]\" \/>\n<meta property=\"og:url\" content=\"https:\/\/ljubljanapride.org\/en\/poziv-za-prostovoljke_ce-na-festivalu-parada-ponosa-2019\/\" \/>\n<meta property=\"og:site_name\" content=\"Dru\u0161tvo Parada Ponosa\" \/>\n<meta property=\"article:publisher\" content=\"https:\/\/www.facebook.com\/LjubljanaPride\" \/>\n<meta property=\"article:published_time\" content=\"2019-04-23T09:47:59+00:00\" \/>\n<meta property=\"og:image\" content=\"https:\/\/ljubljanapride.org\/wp-content\/uploads\/2019\/10\/Poziv-ESC-2019_fb-1024x379.png\" \/>\n\t<meta property=\"og:image:width\" content=\"1024\" \/>\n\t<meta property=\"og:image:height\" content=\"379\" \/>\n\t<meta property=\"og:image:type\" content=\"image\/png\" \/>\n<meta name=\"author\" content=\"Hana\" \/>\n<meta name=\"twitter:card\" content=\"summary_large_image\" \/>\n<meta name=\"twitter:label1\" content=\"Written by\" \/>\n\t<meta name=\"twitter:data1\" content=\"Hana\" \/>\n<script type=\"application\/ld+json\" class=\"yoast-schema-graph\">{\"@context\":\"https:\/\/schema.org\",\"@graph\":[{\"@type\":\"Article\",\"@id\":\"https:\/\/ljubljanapride.org\/en\/poziv-za-prostovoljke_ce-na-festivalu-parada-ponosa-2019\/#article\",\"isPartOf\":{\"@id\":\"https:\/\/ljubljanapride.org\/en\/poziv-za-prostovoljke_ce-na-festivalu-parada-ponosa-2019\/\"},\"author\":{\"name\":\"Hana\",\"@id\":\"https:\/\/ljubljanapride.org\/en\/#\/schema\/person\/9067736e1f26e16223d1ce595641c9e3\"},\"headline\":\"Poziv za prostovoljke_ce na festivalu &#8220;Parada ponosa 2019&#8221;\",\"datePublished\":\"2019-04-23T09:47:59+00:00\",\"mainEntityOfPage\":{\"@id\":\"https:\/\/ljubljanapride.org\/en\/poziv-za-prostovoljke_ce-na-festivalu-parada-ponosa-2019\/\"},\"wordCount\":104,\"image\":{\"@id\":\"https:\/\/ljubljanapride.org\/en\/poziv-za-prostovoljke_ce-na-festivalu-parada-ponosa-2019\/#primaryimage\"},\"thumbnailUrl\":\"https:\/\/ljubljanapride.org\/wp-content\/uploads\/2019\/10\/Poziv-ESC-2019_fb.png\",\"inLanguage\":\"en-US\"},{\"@type\":\"WebPage\",\"@id\":\"https:\/\/ljubljanapride.org\/en\/poziv-za-prostovoljke_ce-na-festivalu-parada-ponosa-2019\/\",\"url\":\"https:\/\/ljubljanapride.org\/en\/poziv-za-prostovoljke_ce-na-festivalu-parada-ponosa-2019\/\",\"name\":\"Poziv za prostovoljke_ce na festivalu \\\"Parada ponosa 2019\\\" - Dru\u0161tvo Parada Ponosa\",\"isPartOf\":{\"@id\":\"https:\/\/ljubljanapride.org\/en\/#website\"},\"primaryImageOfPage\":{\"@id\":\"https:\/\/ljubljanapride.org\/en\/poziv-za-prostovoljke_ce-na-festivalu-parada-ponosa-2019\/#primaryimage\"},\"image\":{\"@id\":\"https:\/\/ljubljanapride.org\/en\/poziv-za-prostovoljke_ce-na-festivalu-parada-ponosa-2019\/#primaryimage\"},\"thumbnailUrl\":\"https:\/\/ljubljanapride.org\/wp-content\/uploads\/2019\/10\/Poziv-ESC-2019_fb.png\",\"datePublished\":\"2019-04-23T09:47:59+00:00\",\"author\":{\"@id\":\"https:\/\/ljubljanapride.org\/en\/#\/schema\/person\/9067736e1f26e16223d1ce595641c9e3\"},\"breadcrumb\":{\"@id\":\"https:\/\/ljubljanapride.org\/en\/poziv-za-prostovoljke_ce-na-festivalu-parada-ponosa-2019\/#breadcrumb\"},\"inLanguage\":\"en-US\",\"potentialAction\":[{\"@type\":\"ReadAction\",\"target\":[\"https:\/\/ljubljanapride.org\/en\/poziv-za-prostovoljke_ce-na-festivalu-parada-ponosa-2019\/\"]}]},{\"@type\":\"ImageObject\",\"inLanguage\":\"en-US\",\"@id\":\"https:\/\/ljubljanapride.org\/en\/poziv-za-prostovoljke_ce-na-festivalu-parada-ponosa-2019\/#primaryimage\",\"url\":\"https:\/\/ljubljanapride.org\/wp-content\/uploads\/2019\/10\/Poziv-ESC-2019_fb.png\",\"contentUrl\":\"https:\/\/ljubljanapride.org\/wp-content\/uploads\/2019\/10\/Poziv-ESC-2019_fb.png\",\"width\":3546,\"height\":1313},{\"@type\":\"BreadcrumbList\",\"@id\":\"https:\/\/ljubljanapride.org\/en\/poziv-za-prostovoljke_ce-na-festivalu-parada-ponosa-2019\/#breadcrumb\",\"itemListElement\":[{\"@type\":\"ListItem\",\"position\":1,\"name\":\"Home\",\"item\":\"https:\/\/ljubljanapride.org\/en\/\"},{\"@type\":\"ListItem\",\"position\":2,\"name\":\"Poziv za prostovoljke_ce na festivalu &#8220;Parada ponosa 2019&#8221;\"}]},{\"@type\":\"WebSite\",\"@id\":\"https:\/\/ljubljanapride.org\/en\/#website\",\"url\":\"https:\/\/ljubljanapride.org\/en\/\",\"name\":\"Dru\u0161tvo Parada Ponosa\",\"description\":\"Ljubljana Pride\",\"potentialAction\":[{\"@type\":\"SearchAction\",\"target\":{\"@type\":\"EntryPoint\",\"urlTemplate\":\"https:\/\/ljubljanapride.org\/en\/?s={search_term_string}\"},\"query-input\":{\"@type\":\"PropertyValueSpecification\",\"valueRequired\":true,\"valueName\":\"search_term_string\"}}],\"inLanguage\":\"en-US\"},{\"@type\":\"Person\",\"@id\":\"https:\/\/ljubljanapride.org\/en\/#\/schema\/person\/9067736e1f26e16223d1ce595641c9e3\",\"name\":\"Hana\",\"image\":{\"@type\":\"ImageObject\",\"inLanguage\":\"en-US\",\"@id\":\"https:\/\/secure.gravatar.com\/avatar\/535b7a74c2a66178846ded5dc269d0e48c717f06dabeb43474b941cf663c3a62?s=96&d=mm&r=g\",\"url\":\"https:\/\/secure.gravatar.com\/avatar\/535b7a74c2a66178846ded5dc269d0e48c717f06dabeb43474b941cf663c3a62?s=96&d=mm&r=g\",\"contentUrl\":\"https:\/\/secure.gravatar.com\/avatar\/535b7a74c2a66178846ded5dc269d0e48c717f06dabeb43474b941cf663c3a62?s=96&d=mm&r=g\",\"caption\":\"Hana\"},\"url\":\"https:\/\/ljubljanapride.org\/en\/author\/hana\/\"}]}<\/script>\n<!-- \/ Yoast SEO plugin. -->","yoast_head_json":{"title":"Poziv za prostovoljke_ce na festivalu \"Parada ponosa 2019\" - Dru\u0161tvo Parada Ponosa","robots":{"index":"index","follow":"follow","max-snippet":"max-snippet:-1","max-image-preview":"max-image-preview:large","max-video-preview":"max-video-preview:-1"},"canonical":"https:\/\/ljubljanapride.org\/en\/poziv-za-prostovoljke_ce-na-festivalu-parada-ponosa-2019\/","og_locale":"en_US","og_type":"article","og_title":"Poziv za prostovoljke_ce na festivalu \"Parada ponosa 2019\" - Dru\u0161tvo Parada Ponosa","og_description":"Dru\u0161tvo&nbsp;Parada Ponosa&nbsp;vabi k sodelovanju na &#8220;Festivalu Parada ponosa 2019&#8220;. \u010ce te zanima, se jim pridru\u017ei na prvem\u00a0sestanku prostovoljk_cev\u00a0za ta dogodek v\u00a0petek 26. 4., ob 18.00 v pisarni Dru\u0161tva\u00a0Parada ponosa, na [&hellip;]","og_url":"https:\/\/ljubljanapride.org\/en\/poziv-za-prostovoljke_ce-na-festivalu-parada-ponosa-2019\/","og_site_name":"Dru\u0161tvo Parada Ponosa","article_publisher":"https:\/\/www.facebook.com\/LjubljanaPride","article_published_time":"2019-04-23T09:47:59+00:00","og_image":[{"width":1024,"height":379,"url":"https:\/\/ljubljanapride.org\/wp-content\/uploads\/2019\/10\/Poziv-ESC-2019_fb-1024x379.png","type":"image\/png"}],"author":"Hana","twitter_card":"summary_large_image","twitter_misc":{"Written by":"Hana"},"schema":{"@context":"https:\/\/schema.org","@graph":[{"@type":"Article","@id":"https:\/\/ljubljanapride.org\/en\/poziv-za-prostovoljke_ce-na-festivalu-parada-ponosa-2019\/#article","isPartOf":{"@id":"https:\/\/ljubljanapride.org\/en\/poziv-za-prostovoljke_ce-na-festivalu-parada-ponosa-2019\/"},"author":{"name":"Hana","@id":"https:\/\/ljubljanapride.org\/en\/#\/schema\/person\/9067736e1f26e16223d1ce595641c9e3"},"headline":"Poziv za prostovoljke_ce na festivalu &#8220;Parada ponosa 2019&#8221;","datePublished":"2019-04-23T09:47:59+00:00","mainEntityOfPage":{"@id":"https:\/\/ljubljanapride.org\/en\/poziv-za-prostovoljke_ce-na-festivalu-parada-ponosa-2019\/"},"wordCount":104,"image":{"@id":"https:\/\/ljubljanapride.org\/en\/poziv-za-prostovoljke_ce-na-festivalu-parada-ponosa-2019\/#primaryimage"},"thumbnailUrl":"https:\/\/ljubljanapride.org\/wp-content\/uploads\/2019\/10\/Poziv-ESC-2019_fb.png","inLanguage":"en-US"},{"@type":"WebPage","@id":"https:\/\/ljubljanapride.org\/en\/poziv-za-prostovoljke_ce-na-festivalu-parada-ponosa-2019\/","url":"https:\/\/ljubljanapride.org\/en\/poziv-za-prostovoljke_ce-na-festivalu-parada-ponosa-2019\/","name":"Poziv za prostovoljke_ce na festivalu \"Parada ponosa 2019\" - Dru\u0161tvo Parada Ponosa","isPartOf":{"@id":"https:\/\/ljubljanapride.org\/en\/#website"},"primaryImageOfPage":{"@id":"https:\/\/ljubljanapride.org\/en\/poziv-za-prostovoljke_ce-na-festivalu-parada-ponosa-2019\/#primaryimage"},"image":{"@id":"https:\/\/ljubljanapride.org\/en\/poziv-za-prostovoljke_ce-na-festivalu-parada-ponosa-2019\/#primaryimage"},"thumbnailUrl":"https:\/\/ljubljanapride.org\/wp-content\/uploads\/2019\/10\/Poziv-ESC-2019_fb.png","datePublished":"2019-04-23T09:47:59+00:00","author":{"@id":"https:\/\/ljubljanapride.org\/en\/#\/schema\/person\/9067736e1f26e16223d1ce595641c9e3"},"breadcrumb":{"@id":"https:\/\/ljubljanapride.org\/en\/poziv-za-prostovoljke_ce-na-festivalu-parada-ponosa-2019\/#breadcrumb"},"inLanguage":"en-US","potentialAction":[{"@type":"ReadAction","target":["https:\/\/ljubljanapride.org\/en\/poziv-za-prostovoljke_ce-na-festivalu-parada-ponosa-2019\/"]}]},{"@type":"ImageObject","inLanguage":"en-US","@id":"https:\/\/ljubljanapride.org\/en\/poziv-za-prostovoljke_ce-na-festivalu-parada-ponosa-2019\/#primaryimage","url":"https:\/\/ljubljanapride.org\/wp-content\/uploads\/2019\/10\/Poziv-ESC-2019_fb.png","contentUrl":"https:\/\/ljubljanapride.org\/wp-content\/uploads\/2019\/10\/Poziv-ESC-2019_fb.png","width":3546,"height":1313},{"@type":"BreadcrumbList","@id":"https:\/\/ljubljanapride.org\/en\/poziv-za-prostovoljke_ce-na-festivalu-parada-ponosa-2019\/#breadcrumb","itemListElement":[{"@type":"ListItem","position":1,"name":"Home","item":"https:\/\/ljubljanapride.org\/en\/"},{"@type":"ListItem","position":2,"name":"Poziv za prostovoljke_ce na festivalu &#8220;Parada ponosa 2019&#8221;"}]},{"@type":"WebSite","@id":"https:\/\/ljubljanapride.org\/en\/#website","url":"https:\/\/ljubljanapride.org\/en\/","name":"Dru\u0161tvo Parada Ponosa","description":"Ljubljana Pride","potentialAction":[{"@type":"SearchAction","target":{"@type":"EntryPoint","urlTemplate":"https:\/\/ljubljanapride.org\/en\/?s={search_term_string}"},"query-input":{"@type":"PropertyValueSpecification","valueRequired":true,"valueName":"search_term_string"}}],"inLanguage":"en-US"},{"@type":"Person","@id":"https:\/\/ljubljanapride.org\/en\/#\/schema\/person\/9067736e1f26e16223d1ce595641c9e3","name":"Hana","image":{"@type":"ImageObject","inLanguage":"en-US","@id":"https:\/\/secure.gravatar.com\/avatar\/535b7a74c2a66178846ded5dc269d0e48c717f06dabeb43474b941cf663c3a62?s=96&d=mm&r=g","url":"https:\/\/secure.gravatar.com\/avatar\/535b7a74c2a66178846ded5dc269d0e48c717f06dabeb43474b941cf663c3a62?s=96&d=mm&r=g","contentUrl":"https:\/\/secure.gravatar.com\/avatar\/535b7a74c2a66178846ded5dc269d0e48c717f06dabeb43474b941cf663c3a62?s=96&d=mm&r=g","caption":"Hana"},"url":"https:\/\/ljubljanapride.org\/en\/author\/hana\/"}]}},"_links":{"self":[{"href":"https:\/\/ljubljanapride.org\/en\/wp-json\/wp\/v2\/posts\/2922","targetHints":{"allow":["GET"]}}],"collection":[{"href":"https:\/\/ljubljanapride.org\/en\/wp-json\/wp\/v2\/posts"}],"about":[{"href":"https:\/\/ljubljanapride.org\/en\/wp-json\/wp\/v2\/types\/post"}],"author":[{"embeddable":true,"href":"https:\/\/ljubljanapride.org\/en\/wp-json\/wp\/v2\/users\/8"}],"replies":[{"embeddable":true,"href":"https:\/\/ljubljanapride.org\/en\/wp-json\/wp\/v2\/comments?post=2922"}],"version-history":[{"count":0,"href":"https:\/\/ljubljanapride.org\/en\/wp-json\/wp\/v2\/posts\/2922\/revisions"}],"wp:featuredmedia":[{"embeddable":true,"href":"https:\/\/ljubljanapride.org\/en\/wp-json\/wp\/v2\/media\/2920"}],"wp:attachment":[{"href":"https:\/\/ljubljanapride.org\/en\/wp-json\/wp\/v2\/media?parent=2922"}],"wp:term":[{"taxonomy":"category","embeddable":true,"href":"https:\/\/ljubljanapride.org\/en\/wp-json\/wp\/v2\/categories?post=2922"},{"taxonomy":"post_tag","embeddable":true,"href":"https:\/\/ljubljanapride.org\/en\/wp-json\/wp\/v2\/tags?post=2922"}],"curies":[{"name":"wp","href":"https:\/\/api.w.org\/{rel}","templated":true}]}}